{"id":82,"date":"2016-03-05T23:15:54","date_gmt":"2016-03-05T21:15:54","guid":{"rendered":"http:\/\/avsarvinc.com\/mobil\/?p=82"},"modified":"2020-08-09T16:01:06","modified_gmt":"2020-08-09T13:01:06","slug":"gebze-vinc-kiralik-kiralama-vinc","status":"publish","type":"post","link":"https:\/\/avsarvinc.com\/mobil\/gebze-vinc-kiralik-kiralama-vinc\/","title":{"rendered":"Gebze Kiral\u0131k Vin\u00e7, Gebze Vin\u00e7 Kiralama"},"content":{"rendered":"<p style=\"text-align: center;\"><strong>Gebze kiral\u0131k vin\u00e7, gebze vin\u00e7 kiralama, gebze vin\u00e7<\/strong> alan\u0131nda 7\/24 hizmet.<\/p>\n<h2 style=\"text-align: center;\"><span style=\"color: #ff0000;\">Gebze Kiral\u0131k Vin\u00e7<\/span><\/h2>\n<div id=\"attachment_2339\" style=\"width: 842px\" class=\"wp-caption aligncenter\"><img aria-describedby=\"caption-attachment-2339\" decoding=\"async\" loading=\"lazy\" class=\" wp-image-2339\" src=\"https:\/\/avsarvinc.com\/mobil\/wp-content\/uploads\/2016\/03\/Gebze-Kiral\u0131k-Vin\u00e7.jpg\" alt=\"\" width=\"832\" height=\"624\" srcset=\"https:\/\/avsarvinc.com\/mobil\/wp-content\/uploads\/2016\/03\/Gebze-Kiral\u0131k-Vin\u00e7.jpg 1600w, https:\/\/avsarvinc.com\/mobil\/wp-content\/uploads\/2016\/03\/Gebze-Kiral\u0131k-Vin\u00e7-300x225.jpg 300w, https:\/\/avsarvinc.com\/mobil\/wp-content\/uploads\/2016\/03\/Gebze-Kiral\u0131k-Vin\u00e7-768x576.jpg 768w, https:\/\/avsarvinc.com\/mobil\/wp-content\/uploads\/2016\/03\/Gebze-Kiral\u0131k-Vin\u00e7-1024x768.jpg 1024w\" sizes=\"(max-width: 832px) 100vw, 832px\" \/><p id=\"caption-attachment-2339\" class=\"wp-caption-text\">Gebze Kiral\u0131k Vin\u00e7<\/p><\/div>\n<p style=\"text-align: center;\">2009 y\u0131l\u0131nda kurulan firmam\u0131z \u00a0saatlik-<wbr \/>haftal\u0131k-<wbr \/>ayl\u0131k Vin\u00e7 kiralama , Forklift kiralama ,Oto kurtarma hizmetleri ve konteyner al\u0131m-<wbr \/>sat\u0131m\u0131 yapmaktad\u0131r.Siz de\u011ferli m\u00fc\u015fterilerimize \u00a0g\u00fcvenli ve zaman\u0131nda hizmet prensibi ile ba\u015flad\u0131\u011f\u0131m\u0131z yolculu\u011fa, bug\u00fcn daha b\u00fcy\u00fck ve geli\u015fmekte olan ba\u015far\u0131l\u0131 \u00a0bir firma olarak devam etmektedir.\u0130\u015f yapt\u0131\u011f\u0131m\u0131z sekt\u00f6rlerde bug\u00fcne kadar ula\u015ft\u0131\u011f\u0131m\u0131z nokta ve ula\u015fmay\u0131 hedefledi\u011fimiz zirvenin ba\u015far\u0131 anahtar\u0131n\u0131n, sahip oldu\u011fumuz \u201cnitelikli insan kayna\u011f\u0131\u201d oldu\u011funa inan\u0131yoruz.<\/p>\n<h3 style=\"text-align: center;\"><span style=\"color: #ff0000;\"><strong>Gebze Vin\u00e7 Kiralama<\/strong><\/span><\/h3>\n<p>&nbsp;<\/p>\n<h2 class=\"span7 inside site-description\" style=\"text-align: center;\"><\/h2>\n<p><img decoding=\"async\" loading=\"lazy\" class=\"aligncenter size-full wp-image-1822\" src=\"https:\/\/avsarvinc.com\/mobil\/wp-content\/uploads\/2018\/08\/av\u015far-vin\u00e7-kiralama.png\" alt=\"\" width=\"584\" height=\"228\" srcset=\"https:\/\/avsarvinc.com\/mobil\/wp-content\/uploads\/2018\/08\/av\u015far-vin\u00e7-kiralama.png 584w, https:\/\/avsarvinc.com\/mobil\/wp-content\/uploads\/2018\/08\/av\u015far-vin\u00e7-kiralama-300x117.png 300w\" sizes=\"(max-width: 584px) 100vw, 584px\" \/><\/p>\n<p style=\"text-align: center;\">Av\u015far vin\u00e7 2009 y\u0131l\u0131nda kurulan ve s\u00fcrekli kendini geli\u015ftiren, m\u00fc\u015fteri memnuniyetine \u00f6nem veren devaml\u0131 b\u00fcy\u00fcyen bir firmad\u0131r.<strong>\u00a0Sepetli vin\u00e7, mobil vin\u00e7, hiyap vin\u00e7, kiral\u0131k vantuz, \u00e7ift k\u0131rmal\u0131 vin\u00e7, teleskobik vin\u00e7 kiralama, oto kurtar\u0131c\u0131 ve oto \u00e7ekic<\/strong>i alan\u0131nda hizmet vermektedir. Ayr\u0131ca <a href=\"https:\/\/avsarvinc.com\/mobil\/pendik-vinc-kiralama-kiralik-vinc\/\">Pendik kiral\u0131k vin\u00e7<\/a> olarak <a href=\"https:\/\/avsarvinc.com\/mobil\/tuzla-kiralik-vinc-kiralama-vinc-2\/\">Tuzla kiral\u0131k vin\u00e7<\/a> olarak ta hizmet veriyoruz.<\/p>\n<p style=\"text-align: center;\">Sizlere daha iyi hizmet verebilmek i\u00e7in 7\/24 a\u00e7\u0131\u011f\u0131z.<\/p>\n<p style=\"text-align: center;\">Kalite asla tesad\u00fcf de\u011fildir.<\/p>\n<p style=\"text-align: center;\"><span style=\"color: #ff0000;\">Bize ula\u015fabilece\u011finiz numara:\u00a0<span class=\"w8qArf\">\u00a0<\/span><span class=\"LrzXr zdqRlf kno-fv\">0532 484 46 14<\/span><\/span><\/p>\n<p style=\"text-align: center;\">Kalite ve ve g\u00fcvenli ta\u015f\u0131man\u0131n ad\u0131 Av\u015far Vin\u00e7\u2026<\/p>\n<p><iframe loading=\"lazy\" width=\"1170\" height=\"878\" src=\"https:\/\/www.youtube.com\/embed\/XRxqKEkFE-8?feature=oembed\" frameborder=\"0\" allow=\"accelerometer; autoplay; encrypted-media; gyroscope; picture-in-picture\" allowfullscreen><\/iframe><\/p>\n<p>&nbsp;<\/p>\n<h3 style=\"text-align: center;\"><strong><span style=\"color: #ff0000;\">Gebze Hizmet verdi\u011fimiz Mahalleler<\/span><\/strong><\/h3>\n<p>&nbsp;<\/p>\n<p><img decoding=\"async\" loading=\"lazy\" class=\"aligncenter size-full wp-image-1822\" src=\"https:\/\/avsarvinc.com\/mobil\/wp-content\/uploads\/2018\/08\/av\u015far-vin\u00e7-kiralama.png\" alt=\"\" width=\"584\" height=\"228\" srcset=\"https:\/\/avsarvinc.com\/mobil\/wp-content\/uploads\/2018\/08\/av\u015far-vin\u00e7-kiralama.png 584w, https:\/\/avsarvinc.com\/mobil\/wp-content\/uploads\/2018\/08\/av\u015far-vin\u00e7-kiralama-300x117.png 300w\" sizes=\"(max-width: 584px) 100vw, 584px\" \/><\/p>\n<p>&nbsp;<\/p>\n<p style=\"text-align: center;\"><strong>Adem Yavuz Mahallesi kiral\u0131k vin\u00e7 kiralama<\/strong><br \/>\n<strong>Ahatl\u0131 Mahallesi kiral\u0131k vin\u00e7 kiralama<\/strong><br \/>\n<strong>Arap\u00e7e\u015fme Mahallesi kiral\u0131k vin\u00e7 kiralama<\/strong><br \/>\n<strong>Bal\u00e7\u0131k Mahallesi kiral\u0131k vin\u00e7 kiralama<\/strong><br \/>\n<strong>Bar\u0131\u015f Mahallesi kiral\u0131k vin\u00e7 kiralama<\/strong><br \/>\n<strong>Beylikba\u011f\u0131 Mahallesi kiral\u0131k vin\u00e7 kiralama<\/strong><br \/>\n<strong>Cumak\u00f6y Mahallesi kiral\u0131k vin\u00e7 kiralama<\/strong><br \/>\n<strong>Cumhuriyet Mahallesi kiral\u0131k vin\u00e7 kiralama<\/strong><br \/>\n<strong>Denizli Mahallesi kiral\u0131k vin\u00e7 kiralama<\/strong><br \/>\n<strong>Durakl\u0131 Mahallesi kiral\u0131k vin\u00e7 kiralama<\/strong><br \/>\n<strong>Elbizli Mahallesi kiral\u0131k vin\u00e7 kiralama<\/strong><br \/>\n<strong>Eskihisar Mahallesi kiral\u0131k vin\u00e7 kiralama<\/strong><br \/>\n<strong>Gaziler Mahallesi kiral\u0131k vin\u00e7 kiralama<\/strong><br \/>\n<strong>G\u00fczeller Mahallesi kiral\u0131k vin\u00e7 kiralama<\/strong><br \/>\n<strong>Hac\u0131halil Mahallesi kiral\u0131k vin\u00e7 kiralama<\/strong><br \/>\n<strong>Hatipler Mahallesi kiral\u0131k vin\u00e7 kiralama<\/strong><br \/>\n<strong>H\u00fcrriyet Mahallesi kiral\u0131k vin\u00e7 kiralama<\/strong><br \/>\n<strong>\u0130n\u00f6n\u00fc Mahallesi kiral\u0131k vin\u00e7 kiralama<\/strong><br \/>\n<strong>\u0130stasyon Mahallesi kiral\u0131k vin\u00e7 kiralama<\/strong><br \/>\n<strong>Kad\u0131ll\u0131 Mahallesi kiral\u0131k vin\u00e7 kiralama<\/strong><br \/>\n<strong>Kargal\u0131 Mahallesi kiral\u0131k vin\u00e7 kiralama<\/strong><br \/>\n<strong>Kirazp\u0131nar Mahallesi kiral\u0131k vin\u00e7 kiralama<\/strong><br \/>\n<strong>K\u00f6\u015fkl\u00fc \u00c7e\u015fme Mahallesi kiral\u0131k vin\u00e7 kiralama<\/strong><br \/>\n<strong>Mevlana Mahallesi kiral\u0131k vin\u00e7 kiralama<\/strong><br \/>\n<strong>Mimar Sinan Mahallesi kiral\u0131k vin\u00e7 kiralama<\/strong><br \/>\n<strong>Mollafenari Mahallesi kiral\u0131k vin\u00e7 kiralama<\/strong><br \/>\n<strong>Muallim Mahallesi kiral\u0131k vin\u00e7 kiralama<\/strong><br \/>\n<strong>Mudarl\u0131 Mahallesi kiral\u0131k vin\u00e7 kiralama<\/strong><br \/>\n<strong>Mustafapa\u015fa Mahallesi kiral\u0131k vin\u00e7 kiralama<\/strong><br \/>\n<strong>Osman Y\u0131lmaz Mahallesi kiral\u0131k vin\u00e7 kiralama<\/strong><br \/>\n<strong>Ovac\u0131k Mahallesi kiral\u0131k vin\u00e7 kiralama<\/strong><br \/>\n<strong>Pelitli Mahallesi kiral\u0131k vin\u00e7 kiralama<\/strong><br \/>\n<strong>Sultan Orhan Mahallesi kiral\u0131k vin\u00e7 kiralama<\/strong><br \/>\n<strong>Tatl\u0131kuyu Mahallesi kiral\u0131k vin\u00e7 kiralama<\/strong><br \/>\n<strong>Tav\u015fanl\u0131 Mahallesi kiral\u0131k vin\u00e7 kiralama<\/strong><br \/>\n<strong>Tepemanay\u0131r Mahallesi kiral\u0131k vin\u00e7 kiralama<\/strong><br \/>\n<strong>Ulus Mahallesi kiral\u0131k vin\u00e7 kiralama<\/strong><br \/>\n<strong>Ya\u011fc\u0131lar Mahallesi kiral\u0131k vin\u00e7 kiralama<\/strong><br \/>\n<strong>Yavuz Selim Mahallesi kiral\u0131k vin\u00e7 kiralama<\/strong><br \/>\n<strong>Yenikent Mahallesi kiral\u0131k vin\u00e7 kiralama<\/strong><\/p>\n<h5 class=\"Slider-Header2\" style=\"text-align: center;\"><span style=\"color: #ff0000;\"><span class=\"C-8\">Gebze Teleskobik Mobil Vin\u00e7<\/span><\/span><\/h5>\n<p class=\"Slider-Header2\" style=\"text-align: center;\"><span class=\"C-9\">Y\u00dcKLEME(tahmil), BO\u015eALTMA(tahliye), \u00c7ATI-<wbr \/>KOLON-<wbr \/>MAK\u0130NA MONTAJI ve DEMONTAJI, HER T\u00dcRL\u00dc \u00c7EL\u0130K KONSTR\u00dcKS\u0130YON MONTAJI, \u00a0HER T\u00dcR A\u011eIR NAKL\u0130YE , EK\u0130PL\u0130 MAK\u0130NA TA\u015eIMA, V\u0130N\u00c7LE NAKL\u0130YE, FABR\u0130KA KURULUM \u2013 MONTAJ ve DEMONTAJ , \u0130N\u015eAAT SEKT\u00d6R\u00dc HERT\u00dcRL\u00dc V\u0130N\u00c7 H\u0130ZMETLER\u0130, TERSANE VE GEM\u0130 \u0130\u015eLER\u0130, TABELA MONTAJI, TEKNE ve YAT TA\u015eIMA \u0130ND\u0130RME, TRAFO MONTAJI ve DEMONTAJI, END\u00dcSTR\u0130YEL KAZAN MONTAJI ve DEMONTAJI, A\u011eIR SANAY\u0130, Y\u00dcKSEK \u00c7EL\u0130K \u00c7ATI ve B\u0130NALAR, \u00c7EL\u0130K ve BETON KOLONLAR, 12 METREDEN Y\u00dcKSEK TANK \u2013 S\u0130LO \u2013 KAZAN \u2013 BUNKER MONTAJI ve DEMONTAJI, Y\u00dcKSEK BACA ve YANGIN MERD\u0130VEN\u0130 MONTAJI, \u00a0KULE V\u0130N\u00c7 MONTOJI ve<span class=\"C-10\">\u00a0<\/span>DEMONTAJI yap\u0131l\u0131r.<\/span><\/p>\n<div id=\"attachment_988\" style=\"width: 2058px\" class=\"wp-caption aligncenter\"><img aria-describedby=\"caption-attachment-988\" decoding=\"async\" loading=\"lazy\" class=\"wp-image-988 size-full\" src=\"https:\/\/avsarvinc.com\/mobil\/wp-content\/uploads\/2016\/04\/IMG_20171226_210326_157.jpg\" alt=\"\" width=\"2048\" height=\"1608\" srcset=\"https:\/\/avsarvinc.com\/mobil\/wp-content\/uploads\/2016\/04\/IMG_20171226_210326_157.jpg 2048w, https:\/\/avsarvinc.com\/mobil\/wp-content\/uploads\/2016\/04\/IMG_20171226_210326_157-300x236.jpg 300w, https:\/\/avsarvinc.com\/mobil\/wp-content\/uploads\/2016\/04\/IMG_20171226_210326_157-768x603.jpg 768w, https:\/\/avsarvinc.com\/mobil\/wp-content\/uploads\/2016\/04\/IMG_20171226_210326_157-1024x804.jpg 1024w\" sizes=\"(max-width: 2048px) 100vw, 2048px\" \/><p id=\"caption-attachment-988\" class=\"wp-caption-text\">Gebze kiral\u0131k vin\u00e7<\/p><\/div>\n<h5 class=\"Slider-Header2\" style=\"text-align: center;\"><span class=\"C-8\" style=\"color: #ff0000;\"><strong>Gebze \u00c7ift K\u0131rma Vin\u00e7<\/strong><\/span><\/h5>\n<p class=\"Slider-Header2\" style=\"text-align: center;\"><span class=\"C-9\">Y\u00dcKLEME, BO\u015eALTMA, ALTYAPI \u00c7ALI\u015eMALARI (elektrik, su, do\u011falgaz), JENERAT\u00d6R ve KOMPRES\u00d6R MONTAJI, B\u0130NA MANTOLAMA, V\u0130N\u00c7 GEREKT\u0130REN NAKL\u0130YE \u0130\u015eLER\u0130, \u00a0\u00c7ATI-<wbr \/>KOLON-<wbr \/>MAK\u0130NA MONTAJI ve DEMONTAJI, HER T\u00dcRL\u00dc \u00c7EL\u0130K KONSTR\u00dcKS\u0130YON MONTAJI, V\u0130N\u00c7LE NAKL\u0130YE, FABR\u0130KA KURULUM \u2013 MONTAJ ve DEMONTAJ , \u0130N\u015eAAT SEKT\u00d6R\u00dc V\u0130N\u00c7 H\u0130ZMETLER\u0130, TERSANE VE GEM\u0130 \u0130\u015eLER\u0130, TABELA MONTAJI, TEKNE ve YAT TA\u015eIMA \u0130ND\u0130RME, TRAFO MONTAJI ve DEMONTAJI, END\u00dcSTR\u0130YEL KAZAN MONTAJI ve DEMONTAJI, \u00c7EL\u0130K ve BETON KOLONLAR, Y\u00dcKSEK BACA ve YANGIN MERD\u0130VEN\u0130 MONTAJI yap\u0131l\u0131r.<\/span><\/p>\n<div id=\"attachment_970\" style=\"width: 2058px\" class=\"wp-caption aligncenter\"><img aria-describedby=\"caption-attachment-970\" decoding=\"async\" loading=\"lazy\" class=\"wp-image-970 size-full\" src=\"https:\/\/avsarvinc.com\/mobil\/wp-content\/uploads\/2016\/03\/20171207_134033.jpg\" alt=\"\" width=\"2048\" height=\"1536\" srcset=\"https:\/\/avsarvinc.com\/mobil\/wp-content\/uploads\/2016\/03\/20171207_134033.jpg 2048w, https:\/\/avsarvinc.com\/mobil\/wp-content\/uploads\/2016\/03\/20171207_134033-300x225.jpg 300w, https:\/\/avsarvinc.com\/mobil\/wp-content\/uploads\/2016\/03\/20171207_134033-768x576.jpg 768w, https:\/\/avsarvinc.com\/mobil\/wp-content\/uploads\/2016\/03\/20171207_134033-1024x768.jpg 1024w\" sizes=\"(max-width: 2048px) 100vw, 2048px\" \/><p id=\"caption-attachment-970\" class=\"wp-caption-text\">Gebze vin\u00e7 kiralama<\/p><\/div>\n<h5 class=\"Slider-Header2\" style=\"text-align: center;\"><span style=\"color: #ff0000;\"><strong><span class=\"C-8\">Gebze Sepetli Vin\u00e7<\/span><\/strong><\/span><\/h5>\n<p class=\"Slider-Header2\" style=\"text-align: center;\"><span class=\"C-9\">B\u0130NA MANTOLAMA, \u00a0\u00c7ATI-<wbr \/>KOLON-<wbr \/>MAK\u0130NA MONTAJI ve DEMONTAJI, HER T\u00dcRL\u00dc \u00c7EL\u0130K KONSTR\u00dcKS\u0130YON MONTAJI, FABR\u0130KA KURULUM \u2013 MONTAJ ve DEMONTAJ , \u0130N\u015eAAT SEKT\u00d6R\u00dc HERT\u00dcRL\u00dc V\u0130N\u00c7 H\u0130ZMETLER\u0130, TERSANE VE GEM\u0130 \u0130\u015eLER\u0130, TABELA MONTAJI, Y\u00dcKSEK BACA ve YANGIN MERD\u0130VEN\u0130 MONTAJI yap\u0131l\u0131r.<\/span><\/p>\n<p style=\"text-align: center;\"><img decoding=\"async\" loading=\"lazy\" class=\"aligncenter size-full wp-image-621\" src=\"https:\/\/avsarvinc.com\/mobil\/wp-content\/uploads\/2017\/05\/IMG_20170527_005432_778.jpg\" alt=\"\" width=\"1080\" height=\"1080\" srcset=\"https:\/\/avsarvinc.com\/mobil\/wp-content\/uploads\/2017\/05\/IMG_20170527_005432_778.jpg 1080w, https:\/\/avsarvinc.com\/mobil\/wp-content\/uploads\/2017\/05\/IMG_20170527_005432_778-150x150.jpg 150w, https:\/\/avsarvinc.com\/mobil\/wp-content\/uploads\/2017\/05\/IMG_20170527_005432_778-300x300.jpg 300w, https:\/\/avsarvinc.com\/mobil\/wp-content\/uploads\/2017\/05\/IMG_20170527_005432_778-768x768.jpg 768w, https:\/\/avsarvinc.com\/mobil\/wp-content\/uploads\/2017\/05\/IMG_20170527_005432_778-1024x1024.jpg 1024w\" sizes=\"(max-width: 1080px) 100vw, 1080px\" \/><\/p>\n<h5 class=\"Slider-Header2\" style=\"text-align: center;\"><span style=\"color: #ff0000;\"><strong><span class=\"C-8\">Gebze Hiyap Vin\u00e7 Kiralama<\/span><\/strong><\/span><\/h5>\n<p class=\"Slider-Header2\" style=\"text-align: center;\"><span class=\"C-9\">Y\u00dcKLEME(tahmil), BO\u015eALTMA(tahliye), ALTYAPI \u00c7ALI\u015eMALARI (elektrik, su, do\u011falgaz), JENERAT\u00d6R ve KOMPRES\u00d6R MONTAJI, B\u0130NA MANTOLAMA, V\u0130N\u00c7 GEREKT\u0130REN NAKL\u0130YE \u0130\u015eLER\u0130, \u00a0\u00c7ATI-<wbr \/>KOLON-<wbr \/>MAK\u0130NA MONTAJI ve DEMONTAJI, HER T\u00dcRL\u00dc \u00c7EL\u0130K KONSTR\u00dcKS\u0130YON MONTAJI, V\u0130N\u00c7LE NAKL\u0130YE, FABR\u0130KA KURULUM \u2013 MONTAJ ve DEMONTAJ , \u0130N\u015eAAT SEKT\u00d6R\u00dc HERT\u00dcRL\u00dc V\u0130N\u00c7 H\u0130ZMETLER\u0130, TABELA MONTAJI, TEKNE ve YAT TA\u015eIMA \u0130ND\u0130RME, TRAFO MONTAJI ve DEMONTAJI yap\u0131l\u0131r.<\/span><\/p>\n<p style=\"text-align: center;\"><img decoding=\"async\" loading=\"lazy\" class=\"aligncenter size-full wp-image-889\" src=\"https:\/\/avsarvinc.com\/mobil\/wp-content\/uploads\/2016\/04\/IMG_20171006_231642_292.jpg\" alt=\"\" width=\"2448\" height=\"2448\" srcset=\"https:\/\/avsarvinc.com\/mobil\/wp-content\/uploads\/2016\/04\/IMG_20171006_231642_292.jpg 2048w, https:\/\/avsarvinc.com\/mobil\/wp-content\/uploads\/2016\/04\/IMG_20171006_231642_292-150x150.jpg 150w, https:\/\/avsarvinc.com\/mobil\/wp-content\/uploads\/2016\/04\/IMG_20171006_231642_292-300x300.jpg 300w, https:\/\/avsarvinc.com\/mobil\/wp-content\/uploads\/2016\/04\/IMG_20171006_231642_292-768x768.jpg 768w, https:\/\/avsarvinc.com\/mobil\/wp-content\/uploads\/2016\/04\/IMG_20171006_231642_292-1024x1024.jpg 1024w\" sizes=\"(max-width: 2448px) 100vw, 2448px\" \/><\/p>\n<p class=\"Slider-Header2\" style=\"text-align: center;\"><span style=\"color: #ff0000;\"><strong><span class=\"C-8\">Kiral\u0131k Vin\u00e7lerimizle;<\/span><\/strong><\/span><\/p>\n<p class=\"Slider-Header2\" style=\"text-align: center;\"><span class=\"C-9\">Y\u00dcKLEME(tahmil), BO\u015eALTMA(tahliye), \u00c7ATI-<wbr \/>KOLON-<wbr \/>MAK\u0130NA MONTAJI ve DEMONTAJI, HER T\u00dcRL\u00dc \u00c7EL\u0130K KONSTR\u00dcKS\u0130YON MONTAJI, \u00a0HER T\u00dcR A\u011eIR NAKL\u0130YE , EK\u0130PL\u0130 MAK\u0130NA TA\u015eIMA, V\u0130N\u00c7LE NAKL\u0130YE, FABR\u0130KA KURULUM \u2013 MONTAJ ve DEMONTAJ , \u0130N\u015eAAT SEKT\u00d6R\u00dc HERT\u00dcRL\u00dc V\u0130N\u00c7 H\u0130ZMETLER\u0130, TERSANE VE GEM\u0130 \u0130\u015eLER\u0130, TABELA MONTAJI, TEKNE ve YAT TA\u015eIMA \u0130ND\u0130RME, TRAFO MONTAJI ve DEMONTAJI, END\u00dcSTR\u0130YEL KAZAN MONTAJI ve DEMONTAJI, A\u011eIR SANAY\u0130, Y\u00dcKSEK \u00c7EL\u0130K \u00c7ATI ve B\u0130NALAR, \u00c7EL\u0130K ve BETON KOLONLAR, 12 METREDEN Y\u00dcKSEK TANK \u2013 S\u0130LO \u2013 KAZAN \u2013 BUNKER MONTAJI ve DEMONTAJI, Y\u00dcKSEK BACA ve YANGIN MERD\u0130VEN\u0130 MONTAJI, \u00a0KULE V\u0130N\u00c7 MONTOJI ve<span class=\"C-10\">\u00a0<\/span>DEMONTAJI,B\u0130NA MANTOLAMA, \u00a0ALTYAPI \u00c7ALI\u015eMALARI (elektrik, su, do\u011falgaz), JENERAT\u00d6R ve KOMPRES\u00d6R MONTAJI, V\u0130N\u00c7 GEREKT\u0130REN NAKL\u0130YE \u0130\u015eLER\u0130, yap\u0131l\u0131r.<\/span><\/p>\n<p style=\"text-align: center;\"><img decoding=\"async\" loading=\"lazy\" class=\"aligncenter size-full wp-image-1178\" src=\"https:\/\/avsarvinc.com\/mobil\/wp-content\/uploads\/2016\/03\/20180530_142956.jpg\" alt=\"\" width=\"3264\" height=\"2448\" srcset=\"https:\/\/avsarvinc.com\/mobil\/wp-content\/uploads\/2016\/03\/20180530_142956.jpg 2048w, https:\/\/avsarvinc.com\/mobil\/wp-content\/uploads\/2016\/03\/20180530_142956-300x225.jpg 300w, https:\/\/avsarvinc.com\/mobil\/wp-content\/uploads\/2016\/03\/20180530_142956-768x576.jpg 768w, https:\/\/avsarvinc.com\/mobil\/wp-content\/uploads\/2016\/03\/20180530_142956-1024x768.jpg 1024w\" sizes=\"(max-width: 3264px) 100vw, 3264px\" \/><\/p>\n<p class=\"Slider-Header2\" style=\"text-align: center;\"><span style=\"color: #ff0000;\"><strong><span class=\"C-8\">Oto Kurtarma ;<\/span><\/strong><\/span><\/p>\n<p class=\"Slider-Header2 P-6\" style=\"text-align: center;\"><span class=\"C-9\">ARA\u00c7 TA\u015eIMA \u00a0\/ \u00a0ARIZALI ARA\u00c7 \u00c7EKME \u00a0\/ \u00a0A\u011eIR T\u0130CAR\u0130 ARA\u00c7 \u00c7EKME\/ YOL YARDI M H\u0130ZMET\u0130<\/span><\/p>\n<p class=\"Slider-Header2 P-6\" style=\"text-align: center;\"><span class=\"C-9\">TOPLU ARA\u00c7 SEVK\u0130 \/ \u00a0ARA\u00c7 KURTARMA \u00a0\/ \u00a0VIN\u00c7 ILE Y\u00dcKLEME \/ MUAYENEYE ARA\u00c7 TA\u015eIMA \u00a0\/ \u00a0KAPILARI K\u0130L\u0130TL\u0130 ARA\u00c7LAR \/ TEKNE ve YAT TA\u015eIMA \u0130ND\u0130RME, TRAFO MONTAJI ve DEMONTAJI yap\u0131l\u0131r.<\/span><\/p>\n<p style=\"text-align: center;\"><img decoding=\"async\" loading=\"lazy\" class=\"aligncenter size-full wp-image-989\" src=\"https:\/\/avsarvinc.com\/mobil\/wp-content\/uploads\/2016\/04\/IMG_20171225_130906.jpg\" alt=\"\" width=\"3264\" height=\"2448\" srcset=\"https:\/\/avsarvinc.com\/mobil\/wp-content\/uploads\/2016\/04\/IMG_20171225_130906.jpg 2048w, https:\/\/avsarvinc.com\/mobil\/wp-content\/uploads\/2016\/04\/IMG_20171225_130906-300x225.jpg 300w, https:\/\/avsarvinc.com\/mobil\/wp-content\/uploads\/2016\/04\/IMG_20171225_130906-768x576.jpg 768w, https:\/\/avsarvinc.com\/mobil\/wp-content\/uploads\/2016\/04\/IMG_20171225_130906-1024x768.jpg 1024w\" sizes=\"(max-width: 3264px) 100vw, 3264px\" \/><\/p>\n<p class=\"Slider-Header2\" style=\"text-align: center;\"><span style=\"color: #ff0000;\"><strong><span class=\"C-8\">Nakliye Vin\u00e7lerimizle ;<\/span><\/strong><\/span><\/p>\n<p class=\"Slider-Header2\" style=\"text-align: center;\"><span class=\"C-9\">V\u0130N\u00c7 GEREKT\u0130REN NAKL\u0130YE \u0130\u015eLER\u0130,JENERAT\u00d6R ve KOMPRES\u00d6R TA\u015eIMA VE MONTAJI, \u00c7ATI-<wbr \/>KOLON-<wbr \/>MAK\u0130NA MONTAJI ve DEMONTAJI, HER T\u00dcRL\u00dc \u00c7EL\u0130K KONSTR\u00dcKS\u0130YON TA\u015eIMA VE MONTAJI, V\u0130N\u00c7LE NAKL\u0130YE, FABR\u0130KA KURULUM \u2013 MONTAJ ve DEMONTAJ , \u0130N\u015eAAT SEKT\u00d6R\u00dc HERT\u00dcRL\u00dc V\u0130N\u00c7 H\u0130ZMETLER\u0130, TABELA MONTAJI, TEKNE ve YAT TA\u015eIMA \u0130ND\u0130RME, TRAFO \u00a0TA\u015eIMA VE MONTAJI &#8211;<wbr \/>\u00a0DEMONTAJI yap\u0131l\u0131r.<\/span><\/p>\n<p style=\"text-align: center;\"><img decoding=\"async\" loading=\"lazy\" class=\"aligncenter size-full wp-image-1160\" src=\"https:\/\/avsarvinc.com\/mobil\/wp-content\/uploads\/2018\/06\/20180521_180704.jpg\" alt=\"\" width=\"3264\" height=\"2448\" srcset=\"https:\/\/avsarvinc.com\/mobil\/wp-content\/uploads\/2018\/06\/20180521_180704.jpg 2048w, https:\/\/avsarvinc.com\/mobil\/wp-content\/uploads\/2018\/06\/20180521_180704-300x225.jpg 300w, https:\/\/avsarvinc.com\/mobil\/wp-content\/uploads\/2018\/06\/20180521_180704-768x576.jpg 768w, https:\/\/avsarvinc.com\/mobil\/wp-content\/uploads\/2018\/06\/20180521_180704-1024x768.jpg 1024w\" sizes=\"(max-width: 3264px) 100vw, 3264px\" \/><\/p>\n<p class=\"Slider-Header2\" style=\"text-align: center;\"><span style=\"color: #ff0000;\"><strong><span class=\"C-8\">Konteyner Al\u0131m\u0131-<wbr \/>Sat\u0131m\u0131;<\/span><\/strong><\/span><\/p>\n<p class=\"Slider-Header2\" style=\"text-align: center;\"><span class=\"C-9\">Y\u00d6NET\u0130M B\u0130NALARI, BELED\u0130YE VE D\u0130\u011eER KAMU KURULU\u015eLARI EK H\u0130ZMET B\u0130NALARI, E\u011e\u0130T\u0130M B\u0130NALAR\u0130, HASTANE YAPILARI ,YEMEKHANE VE YATAKHANE BINALAR\u0131, SOSYAL TES\u0130S BINALARI, SATI\u015e VE PAZARLAMA OF\u0130SLER\u0130, GSM KAB\u0130NLERI, SPOR TES\u0130S\u0130 VE KLUP B\u0130NALARI, ANAOKULLAR, ASKER\u0130 TES\u0130S YAPILARI, \u00a0WC DU\u015eLAR G\u0130B\u0130 \u0130HT\u0130YA\u00c7LARINIZ \u0130\u00c7\u0130N B\u0130Z\u0130 ARAYINIZ.<\/span><\/p>\n<p class=\"Slider-Header2\" style=\"text-align: center;\"><span style=\"color: #ff0000;\"><strong><span class=\"C-8\">Kiral\u0131k Forklift;<\/span><\/strong><\/span><\/p>\n<p class=\"Slider-Header2\" style=\"text-align: center;\"><span class=\"C-9\">\u00a0UZUN VEYA KISA S\u00dcREL\u0130 FORKL\u0130FT K\u0130RALAMA \u0130\u015eLER\u0130N\u0130ZE OPERAT\u00d6RL\u00dc, OPERAT\u00d6RS\u00dcZ, AYLIK, HAFTALIK, G\u00dcNL\u00dcK, SAATLIK, VEYA PROJE BA\u015eINA KIRALIK FORKLIFTLER VE V\u0130N\u00c7LER\u0130M\u0130ZLE H\u0130ZMET\u0130N\u0130ZDEY\u0130Z. FABR\u0130KA TA\u015eIYOR, FUAR ORGAN\u0130ZE ED\u0130YOR, MAK\u0130NE MONTAJ VE TA\u015eIMA \u0130\u015eLER\u0130N\u0130Z VAR VEYA FORKL\u0130FT\u0130N\u0130Z ARIZA YAPMI\u015e TAMIR EDILINCEYE KADAR GE\u00c7\u0130C\u0130 B\u0130R FORKL\u0130FT \u0130HT\u0130YACINIZ OLDU\u011eUNDA B\u0130Z\u0130 ARAYINIZ.<\/span><\/p>\n<p style=\"text-align: center;\"><img decoding=\"async\" loading=\"lazy\" class=\"aligncenter size-full wp-image-1030\" src=\"https:\/\/avsarvinc.com\/mobil\/wp-content\/uploads\/2017\/09\/20180131_112243.jpg\" alt=\"\" width=\"3264\" height=\"2448\" srcset=\"https:\/\/avsarvinc.com\/mobil\/wp-content\/uploads\/2017\/09\/20180131_112243.jpg 2048w, https:\/\/avsarvinc.com\/mobil\/wp-content\/uploads\/2017\/09\/20180131_112243-300x225.jpg 300w, https:\/\/avsarvinc.com\/mobil\/wp-content\/uploads\/2017\/09\/20180131_112243-768x576.jpg 768w, https:\/\/avsarvinc.com\/mobil\/wp-content\/uploads\/2017\/09\/20180131_112243-1024x768.jpg 1024w\" sizes=\"(max-width: 3264px) 100vw, 3264px\" \/><\/p>\n<p style=\"text-align: center;\"><img decoding=\"async\" loading=\"lazy\" class=\"aligncenter size-full wp-image-1594\" src=\"https:\/\/avsarvinc.com\/mobil\/wp-content\/uploads\/2018\/08\/3.png\" alt=\"\" width=\"627\" height=\"239\" srcset=\"https:\/\/avsarvinc.com\/mobil\/wp-content\/uploads\/2018\/08\/3.png 627w, https:\/\/avsarvinc.com\/mobil\/wp-content\/uploads\/2018\/08\/3-300x114.png 300w\" sizes=\"(max-width: 627px) 100vw, 627px\" \/><\/p>\n<p style=\"text-align: center;\"><img decoding=\"async\" loading=\"lazy\" class=\"aligncenter size-full wp-image-1593\" src=\"https:\/\/avsarvinc.com\/mobil\/wp-content\/uploads\/2018\/08\/2.png\" alt=\"\" width=\"627\" height=\"237\" srcset=\"https:\/\/avsarvinc.com\/mobil\/wp-content\/uploads\/2018\/08\/2.png 627w, https:\/\/avsarvinc.com\/mobil\/wp-content\/uploads\/2018\/08\/2-300x113.png 300w\" sizes=\"(max-width: 627px) 100vw, 627px\" \/><\/p>\n<p style=\"text-align: center;\"><img decoding=\"async\" loading=\"lazy\" class=\"aligncenter size-full wp-image-1592\" src=\"https:\/\/avsarvinc.com\/mobil\/wp-content\/uploads\/2018\/08\/1.png\" alt=\"\" width=\"627\" height=\"191\" srcset=\"https:\/\/avsarvinc.com\/mobil\/wp-content\/uploads\/2018\/08\/1.png 627w, https:\/\/avsarvinc.com\/mobil\/wp-content\/uploads\/2018\/08\/1-300x91.png 300w\" sizes=\"(max-width: 627px) 100vw, 627px\" \/><\/p>\n<h2 style=\"text-align: center;\"><strong><span style=\"color: #ff0000;\">Gebze Vin\u00e7 \u0130leti\u015fim<\/span><\/strong><\/h2>\n<p style=\"text-align: center;\"><span style=\"color: #ff0000;\">Bize ula\u015fabilece\u011finiz numara:\u00a0<span class=\"w8qArf\">\u00a0<\/span><span class=\"LrzXr zdqRlf kno-fv\">0532 484 46 14<\/span><\/span><\/p>\n<p style=\"text-align: center;\">Bizi tercih etti\u011finiz i\u00e7in te\u015fekk\u00fcr ederiz. Av\u015far Vin\u00e7 Kiralama Hizmetleri&#8230;<\/p>\n<p style=\"text-align: center;\"><strong>gebzede kiral\u0131k vin\u00e7, gebze kiral\u0131k sepetli vin\u00e7, gebze vin\u00e7 firmalar\u0131, gebze kiral\u0131k vin\u00e7, kiral\u0131k vin\u00e7 gebze, gebze vin\u00e7,gebze kiral\u0131k vin\u00e7 kiralama vin\u00e7 gebze t\u00fcm mahlelerinde hizmet vermekteyiz portif kiralama sepetli vin\u00e7 hiyap kiral\u0131k \u00c7ay\u0131rova kiral\u0131k vin\u00e7 \u015eekerp\u0131nar kiral\u0131k vin\u00e7 bal\u00e7\u0131k kiral\u0131k vin\u00e7 Pelitli K\u00f6y\u00fc kiral\u0131k vin\u00e7 Tav\u015fanl\u0131 k\u00f6y\u00fc kiral\u0131k vin\u00e7 Dilovas\u0131 kiral\u0131k vin\u00e7 Dar\u0131ca kiral\u0131k vin\u00e7<\/strong><\/p>\n","protected":false},"excerpt":{"rendered":"<p>Gebze kiral\u0131k vin\u00e7, gebze vin\u00e7 kiralama, gebze vin\u00e7 alan\u0131nda 7\/24 hizmet. Gebze Kiral\u0131k Vin\u00e7 2009 y\u0131l\u0131nda kurulan firmam\u0131z \u00a0saatlik-haftal\u0131k-ayl\u0131k Vin\u00e7 kiralama , Forklift kiralama ,Oto kurtarma hizmetleri ve konteyner al\u0131m-sat\u0131m\u0131 yapmaktad\u0131r.Siz de\u011ferli m\u00fc\u015fterilerimize \u00a0g\u00fcvenli ve zaman\u0131nda hizmet prensibi ile ba\u015flad\u0131\u011f\u0131m\u0131z yolculu\u011fa, bug\u00fcn daha b\u00fcy\u00fck ve geli\u015fmekte olan ba\u015far\u0131l\u0131 \u00a0bir firma olarak devam etmektedir.\u0130\u015f yapt\u0131\u011f\u0131m\u0131z sekt\u00f6rlerde [&hellip;]<\/p>\n","protected":false},"author":1,"featured_media":1032,"comment_status":"open","ping_status":"open","sticky":false,"template":"","format":"standard","meta":[],"categories":[3],"tags":[],"aioseo_notices":[],"_links":{"self":[{"href":"https:\/\/avsarvinc.com\/mobil\/wp-json\/wp\/v2\/posts\/82"}],"collection":[{"href":"https:\/\/avsarvinc.com\/mobil\/wp-json\/wp\/v2\/posts"}],"about":[{"href":"https:\/\/avsarvinc.com\/mobil\/wp-json\/wp\/v2\/types\/post"}],"author":[{"embeddable":true,"href":"https:\/\/avsarvinc.com\/mobil\/wp-json\/wp\/v2\/users\/1"}],"replies":[{"embeddable":true,"href":"https:\/\/avsarvinc.com\/mobil\/wp-json\/wp\/v2\/comments?post=82"}],"version-history":[{"count":8,"href":"https:\/\/avsarvinc.com\/mobil\/wp-json\/wp\/v2\/posts\/82\/revisions"}],"predecessor-version":[{"id":2455,"href":"https:\/\/avsarvinc.com\/mobil\/wp-json\/wp\/v2\/posts\/82\/revisions\/2455"}],"wp:featuredmedia":[{"embeddable":true,"href":"https:\/\/avsarvinc.com\/mobil\/wp-json\/wp\/v2\/media\/1032"}],"wp:attachment":[{"href":"https:\/\/avsarvinc.com\/mobil\/wp-json\/wp\/v2\/media?parent=82"}],"wp:term":[{"taxonomy":"category","embeddable":true,"href":"https:\/\/avsarvinc.com\/mobil\/wp-json\/wp\/v2\/categories?post=82"},{"taxonomy":"post_tag","embeddable":true,"href":"https:\/\/avsarvinc.com\/mobil\/wp-json\/wp\/v2\/tags?post=82"}],"curies":[{"name":"wp","href":"https:\/\/api.w.org\/{rel}","templated":true}]}}